{"id":130,"date":"2016-05-01T16:37:32","date_gmt":"2016-05-01T14:37:32","guid":{"rendered":"http:\/\/www.schuetzenverein-mahd.de\/?p=130"},"modified":"2016-05-01T16:37:32","modified_gmt":"2016-05-01T14:37:32","slug":"maibaumaufstellen-2016","status":"publish","type":"post","link":"http:\/\/www.schuetzenverein-mahd.de\/?p=130","title":{"rendered":"Maibaumaufstellen 2016"},"content":{"rendered":"<p style=\"text-align: center;\"><em>Beim Maibaumaufstellen im neuen Sch\u00fctzenheim besuchten uns Landrat Franz Meyer und unser B\u00fcrgermeister Florian Gams die uns f\u00fcr die gute Jugendarbeit und unser neues Sch\u00fctzenheim lobten.<\/em><\/p>\n<div id=\"attachment_128\" style=\"width: 310px\" class=\"wp-caption aligncenter\"><img aria-describedby=\"caption-attachment-128\" loading=\"lazy\" class=\"size-medium wp-image-128\" src=\"http:\/\/www.schuetzenverein-mahd.de\/wp-content\/uploads\/2016\/05\/IMG-20160430-WA0020-300x169.jpg\" alt=\"Landrat Franz Meyer und B\u00fcrgermeister Florian Gams mit Vorstand Werner Voggenreiter, Hehberger Hans und unserer Sch\u00fclermannschaft.\" width=\"300\" height=\"169\" srcset=\"http:\/\/www.schuetzenverein-mahd.de\/wp-content\/uploads\/2016\/05\/IMG-20160430-WA0020-300x169.jpg 300w, http:\/\/www.schuetzenverein-mahd.de\/wp-content\/uploads\/2016\/05\/IMG-20160430-WA0020-768x432.jpg 768w, http:\/\/www.schuetzenverein-mahd.de\/wp-content\/uploads\/2016\/05\/IMG-20160430-WA0020-1024x576.jpg 1024w, http:\/\/www.schuetzenverein-mahd.de\/wp-content\/uploads\/2016\/05\/IMG-20160430-WA0020-200x112.jpg 200w, http:\/\/www.schuetzenverein-mahd.de\/wp-content\/uploads\/2016\/05\/IMG-20160430-WA0020.jpg 1599w\" sizes=\"(max-width: 300px) 100vw, 300px\" \/><p id=\"caption-attachment-128\" class=\"wp-caption-text\">Landrat Franz Meyer und B\u00fcrgermeister Florian Gams mit Vorstand Werner Voggenreiter, Hehberger Hans und unserer Sch\u00fclermannschaft.<\/p><\/div>\n","protected":false},"excerpt":{"rendered":"<p>Beim Maibaumaufstellen im neuen Sch\u00fctzenheim besuchten uns Landrat Franz Meyer und unser B\u00fcrgermeister Florian Gams die uns f\u00fcr die gute Jugendarbeit und unser neues Sch\u00fctzenheim lobten.<\/p>\n","protected":false},"author":2,"featured_media":0,"comment_status":"closed","ping_status":"closed","sticky":false,"template":"","format":"standard","meta":[],"categories":[1],"tags":[],"_links":{"self":[{"href":"http:\/\/www.schuetzenverein-mahd.de\/index.php?rest_route=\/wp\/v2\/posts\/130"}],"collection":[{"href":"http:\/\/www.schuetzenverein-mahd.de\/index.php?rest_route=\/wp\/v2\/posts"}],"about":[{"href":"http:\/\/www.schuetzenverein-mahd.de\/index.php?rest_route=\/wp\/v2\/types\/post"}],"author":[{"embeddable":true,"href":"http:\/\/www.schuetzenverein-mahd.de\/index.php?rest_route=\/wp\/v2\/users\/2"}],"replies":[{"embeddable":true,"href":"http:\/\/www.schuetzenverein-mahd.de\/index.php?rest_route=%2Fwp%2Fv2%2Fcomments&post=130"}],"version-history":[{"count":1,"href":"http:\/\/www.schuetzenverein-mahd.de\/index.php?rest_route=\/wp\/v2\/posts\/130\/revisions"}],"predecessor-version":[{"id":131,"href":"http:\/\/www.schuetzenverein-mahd.de\/index.php?rest_route=\/wp\/v2\/posts\/130\/revisions\/131"}],"wp:attachment":[{"href":"http:\/\/www.schuetzenverein-mahd.de\/index.php?rest_route=%2Fwp%2Fv2%2Fmedia&parent=130"}],"wp:term":[{"taxonomy":"category","embeddable":true,"href":"http:\/\/www.schuetzenverein-mahd.de\/index.php?rest_route=%2Fwp%2Fv2%2Fcategories&post=130"},{"taxonomy":"post_tag","embeddable":true,"href":"http:\/\/www.schuetzenverein-mahd.de\/index.php?rest_route=%2Fwp%2Fv2%2Ftags&post=130"}],"curies":[{"name":"wp","href":"https:\/\/api.w.org\/{rel}","templated":true}]}}